[{"@context":"https:\/\/schema.org\/","@type":"Article","@id":"https:\/\/www.wikinomie.cz\/co-chybi-diteti-z-ustavu\/#Article","mainEntityOfPage":"https:\/\/www.wikinomie.cz\/co-chybi-diteti-z-ustavu\/","headline":"Co chyb\u00ed d\u00edt\u011bti z \u00fastavu?","name":"Co chyb\u00ed d\u00edt\u011bti z \u00fastavu?","description":"D\u00edt\u011b, kter\u00e9 vyr\u016fst\u00e1 v\u00a0n\u00e1hradn\u00ed rodin\u011b nebo u p\u011bstoun\u016f, chce \u010dasem pochopit, co se stalo, pro\u010d nevyr\u016fst\u00e1 doma se sv\u00fdmi vlastn\u00edmi rodi\u010di. Pro v\u00fdvoj d\u00edt\u011bte je d\u016fle\u017eit\u00e9 mu to velmi citliv\u011b vysv\u011btlit, proto\u017ee pro n\u011bj je to velmi z\u00e1sadn\u00ed informace, dokonce ...","datePublished":"2023-06-05","dateModified":"2023-06-05","author":{"@type":"Person","@id":"https:\/\/www.wikinomie.cz\/author\/devene\/#Person","name":"devene","url":"https:\/\/www.wikinomie.cz\/author\/devene\/","identifier":1,"image":{"@type":"ImageObject","@id":"https:\/\/secure.gravatar.com\/avatar\/ade5060b95d9432296fc92debd2ba3136f7a4d727a7bc57afe18c4808c7d7ac9?s=96&d=mm&r=g","url":"https:\/\/secure.gravatar.com\/avatar\/ade5060b95d9432296fc92debd2ba3136f7a4d727a7bc57afe18c4808c7d7ac9?s=96&d=mm&r=g","height":96,"width":96}},"publisher":{"@type":"Organization","name":"wikinomie.cz","logo":{"@type":"ImageObject","@id":"\/logo.png","url":"\/logo.png","width":600,"height":60}},"image":{"@type":"ImageObject","@id":"https:\/\/www.wikinomie.cz\/wp-content\/uploads\/img_a302291_w2345_t1512139553.jpg","url":"https:\/\/www.wikinomie.cz\/wp-content\/uploads\/img_a302291_w2345_t1512139553.jpg","height":0,"width":0},"url":"https:\/\/www.wikinomie.cz\/co-chybi-diteti-z-ustavu\/","wordCount":491,"articleBody":"D\u00edt\u011b, kter\u00e9 vyr\u016fst\u00e1 v\u00a0n\u00e1hradn\u00ed rodin\u011b nebo u p\u011bstoun\u016f, chce \u010dasem pochopit, co se stalo, pro\u010d nevyr\u016fst\u00e1 doma se sv\u00fdmi vlastn\u00edmi rodi\u010di. Pro v\u00fdvoj d\u00edt\u011bte je d\u016fle\u017eit\u00e9 mu to velmi citliv\u011b vysv\u011btlit, proto\u017ee pro n\u011bj je to velmi z\u00e1sadn\u00ed informace, dokonce i celo\u017eivotn\u00ed t\u00e9ma. Je to pro n\u011bj velmi slo\u017eit\u00e9. N\u011bkter\u00e9 d\u011bti se s\u00a0t\u00edm velmi t\u011b\u017eko vyrovn\u00e1vaj\u00ed. To se m\u016f\u017ee projevovat navenek v\u00fdchovn\u00fdmi i v\u00fdvojov\u00fdmi probl\u00e9my. Mohou m\u00edt pot\u00ed\u017ee s\u00a0navazov\u00e1n\u00edm vztah\u016f s\u00a0bl\u00edzkou osobou i s\u00a0identitou. Je d\u016fle\u017eit\u00e9 citlivou cestou d\u00edt\u011b podporovat tak, aby s\u00a0n\u00e1hradn\u00edmi rodi\u010di a soci\u00e1ln\u00edm pracovn\u00edkem dok\u00e1zalo hovo\u0159it i o tom, co se mu v\u00a0jeho \u017eivot\u011b stalo.Je velice smutn\u00e9, \u017ee v\u00a0na\u0161\u00ed zemi p\u0159ib\u00fdvaj\u00ed d\u011bti, kter\u00e9 vyr\u016fstaj\u00ed mimo svou rodinu. Rok od roku je jich v\u00edce. St\u00e1le chyb\u00ed nov\u00e1 reforma p\u00e9\u010de o ohro\u017een\u00e9 a opu\u0161t\u011bn\u00e9 d\u011bti. Syst\u00e9m je zastaral\u00fd v\u00a0tom smyslu, \u017ee st\u00e1t d\u00e1v\u00e1 p\u0159ednost um\u00edst\u011bn\u00ed d\u011bt\u00ed do velk\u00fdch \u00fastav\u016f, m\u00edsto toho, aby byla zaji\u0161t\u011bna prevence a podpora vlastn\u00edch nebo n\u00e1hradn\u00edch rodin. Moc se nemluv\u00ed, ani nep\u00ed\u0161e o tom, \u017ee o ohro\u017een\u00e9 a opu\u0161t\u011bn\u00e9 d\u011bti se staraj\u00ed t\u0159i resorty:\u00a7\u00a0 pod ministerstvo pr\u00e1ce spadaj\u00ed p\u011bstouni, ochrana d\u011bt\u00ed, za\u0159\u00edzen\u00ed pro okam\u017eitou pomoc, klok\u00e1nky\u00a7\u00a0 pod zdravotnictv\u00ed spadaj\u00ed domovy pro d\u011bti do t\u0159\u00ed let\u00a7\u00a0 pod ministerstvo \u0161kolstv\u00ed spadaj\u00ed d\u011btsk\u00e9 domovy pro d\u011bti nad t\u0159i roky\u00a0Chyb\u00ed finance v\u00a0slu\u017eb\u00e1ch, kter\u00e9 se zaob\u00edraj\u00ed prevenc\u00ed, podporou vlastn\u00edch a n\u00e1hradn\u00edch rodin.Naopak velk\u00e9 finance ministerstva pos\u00edlaj\u00ed na velk\u00e9 \u00fastavy, ve kter\u00fdch je vysok\u00fd po\u010det d\u011bt\u00ed.Tyto v\u0161echny faktory maj\u00ed vliv na rozt\u0159\u00ed\u0161t\u011bnost p\u00e9\u010de o ohro\u017een\u00e9 a opu\u0161t\u011bn\u00e9 d\u011bti.Soci\u00e1ln\u00ed slu\u017eby, kter\u00e9 se staraj\u00ed o to, jak zv\u00fd\u0161it spokojenost d\u011bt\u00ed ve vlastn\u00edch i n\u00e1hradn\u00edch rodin\u00e1ch jsou ve velk\u00e9 m\u00ed\u0159e neziskov\u00e9. N\u011bkter\u00e9 z\u00a0nich maj\u00ed vynikaj\u00edc\u00ed komplexn\u00ed s\u00ed\u0165 slu\u017eeb, kter\u00fdmi se sna\u017e\u00ed p\u0159edch\u00e1zet um\u00edstn\u011bn\u00ed d\u011bt\u00ed do \u00fastavn\u00ed p\u00e9\u010de. D\u011blaj\u00ed v\u0161e pro to, aby co nejd\u0159\u00edve za\u010dlenili d\u00edt\u011b do rodiny nebo do p\u011bstounsk\u00e9 p\u00e9\u010de. V\u0161e ve prosp\u011bch d\u00edt\u011bte.\u00a0\u00a0\u00a0Pozn.:Soci\u00e1ln\u011b \u2013 aktiviza\u010dn\u00ed slu\u017eby pro rodiny s\u00a0d\u011btmijsou vymezeny z\u00e1konem v\u010d. 108\/2006 Sb., o soci\u00e1ln\u00edch slu\u017eb\u00e1ch.V\u00fdkon soci\u00e1ln\u011b-pr\u00e1vn\u00ed ochranyd\u011bt\u00ed se \u0159\u00edd\u00ed dle z\u00e1kona \u010d. 401\/2012\u00a0Sb.,\u00a0o soci\u00e1ln\u011b-pr\u00e1vn\u00ed ochran\u011b d\u011bt\u00ed.                                                                                                                                                                                                                                                                                                                                                                                                "},{"@context":"https:\/\/schema.org\/","@type":"BreadcrumbList","itemListElement":[{"@type":"ListItem","position":1,"name":"Co chyb\u00ed d\u00edt\u011bti z \u00fastavu?","item":"https:\/\/www.wikinomie.cz\/co-chybi-diteti-z-ustavu\/#breadcrumbitem"}]}]