[{"@context":"https:\/\/schema.org\/","@type":"Article","@id":"https:\/\/www.wikinomie.cz\/3-kosmeticke-hrichy-kterymi-si-kazite-plet-a-vlasy\/#Article","mainEntityOfPage":"https:\/\/www.wikinomie.cz\/3-kosmeticke-hrichy-kterymi-si-kazite-plet-a-vlasy\/","headline":"3 kosmetick\u00e9 h\u0159\u00edchy, kter\u00fdmi si kaz\u00edte ple\u0165 a vlasy","name":"3 kosmetick\u00e9 h\u0159\u00edchy, kter\u00fdmi si kaz\u00edte ple\u0165 a vlasy","description":"I kdy\u017e se o sebe my \u017eeny \u010dasto a r\u00e1dy star\u00e1me, stejn\u011b si n\u011bkter\u00fdmi vcelku b\u011b\u017en\u00fdmi \u010dinnostmi \u0161kod\u00edme. A to nejen t\u011blu celkov\u011b, ale tak\u00e9 na\u0161\u00ed pleti, na kter\u00e9 se zlozvyky projev\u00ed velmi nep\u0159\u00edjemn\u011b a viditeln\u011b. Co v\u0161echno na\u0161\u00ed kr\u00e1se ...","datePublished":"2019-06-19","dateModified":"2023-06-05","author":{"@type":"Person","@id":"https:\/\/www.wikinomie.cz\/author\/devene\/#Person","name":"devene","url":"https:\/\/www.wikinomie.cz\/author\/devene\/","identifier":1,"image":{"@type":"ImageObject","@id":"https:\/\/secure.gravatar.com\/avatar\/ade5060b95d9432296fc92debd2ba3136f7a4d727a7bc57afe18c4808c7d7ac9?s=96&d=mm&r=g","url":"https:\/\/secure.gravatar.com\/avatar\/ade5060b95d9432296fc92debd2ba3136f7a4d727a7bc57afe18c4808c7d7ac9?s=96&d=mm&r=g","height":96,"width":96}},"publisher":{"@type":"Organization","name":"wikinomie.cz","logo":{"@type":"ImageObject","@id":"\/logo.png","url":"\/logo.png","width":600,"height":60}},"image":{"@type":"ImageObject","@id":"https:\/\/www.wikinomie.cz\/wp-content\/uploads\/img_a351425_w1706_t1566050727.jpg","url":"https:\/\/www.wikinomie.cz\/wp-content\/uploads\/img_a351425_w1706_t1566050727.jpg","height":0,"width":0},"url":"https:\/\/www.wikinomie.cz\/3-kosmeticke-hrichy-kterymi-si-kazite-plet-a-vlasy\/","about":["Zbo\u017e\u00ed"],"wordCount":429,"articleBody":"\tI kdy\u017e se o sebe my \u017eeny \u010dasto a r\u00e1dy star\u00e1me, stejn\u011b si n\u011bkter\u00fdmi vcelku b\u011b\u017en\u00fdmi \u010dinnostmi \u0161kod\u00edme. A to nejen t\u011blu celkov\u011b, ale tak\u00e9 na\u0161\u00ed pleti, na kter\u00e9 se zlozvyky projev\u00ed velmi nep\u0159\u00edjemn\u011b a viditeln\u011b. Co v\u0161echno na\u0161\u00ed kr\u00e1se neprosp\u00edv\u00e1 a s \u010d\u00edm byste m\u011bla p\u0159estat rad\u011bji hned dnes?\t&nbsp;\tSpan\u00ed s make-upem\tZn\u00e1me to v\u0161echny. Ve\u010d\u00edrek se prot\u00e1hnul, p\u0159i\u0161ly jsme dom\u016f pozd\u011bji a sp\u00ed\u0161e ne\u017e u zrcadla s odli\u010dovac\u00edm tamponkem v ruce u\u017e se vid\u00edme v posteli. Jen\u017ee pokud s make-upem, \u0159asenku \u010di rt\u011bnkou p\u016fjdete sp\u00e1t, nejen\u017ee se r\u00e1no sv\u00e9ho odrazu v zrcadle nejsp\u00ed\u0161 zd\u011bs\u00edte, ale z\u00e1rove\u0148 t\u00edm velmi u\u0161kod\u00edte sv\u00e9 pleti. Kv\u016fli n\u00e1nosu l\u00ed\u010den\u00ed se toti\u017e nezvl\u00e1dne zregenerovat a hroz\u00ed tak\u00e9 zanesen\u00ed p\u00f3r\u016f a vznik akn\u00e9 \u010di t\u0159eba z\u00e1n\u011bty o\u010d\u00ed. O \u0161pinav\u00e9m lo\u017en\u00edm povle\u010den\u00ed ani nemluv\u00edme.&nbsp;\t&nbsp;\t\u0160patn\u00e9 stravov\u00e1n\u00ed\tDiv\u00edte se, \u017ee i v pokro\u010dil\u00e9m v\u011bku v\u00e1s po\u0159\u00e1d tr\u00e1p\u00ed akn\u00e9 nebo va\u0161e ple\u0165 st\u00e1rne rychleji, ne\u017e byste cht\u011bli? Mo\u017en\u00e1 za to mohou \u0161patn\u00e9 stravovac\u00ed n\u00e1vyky. Vyv\u00e1\u017eenou a zdravou stravou toti\u017e neprosp\u00edv\u00e1te jen tr\u00e1ven\u00ed, ale samoz\u0159ejm\u011b i cel\u00e9mu t\u011blu v\u010detn\u011b pleti. Naopak kou\u0159en\u00ed, alkohol nebo p\u0159\u00edli\u0161 sladk\u00e1 a tu\u010dn\u00e1 j\u00eddla se na va\u0161\u00ed tv\u00e1\u0159i prom\u00edtnou nevzhledn\u00fdmi pup\u00ednky, zanesen\u00fdmi p\u00f3ry nebo suchost\u00ed.&nbsp;\t&nbsp;\tPou\u017e\u00edv\u00e1n\u00ed nevhodn\u00e9 p\u00e9\u010de\tSice je tento kr\u00e9m ur\u010den\u00fd pro mastnou ple\u0165 a moje je such\u00e1, ale dostala jsem jej jako d\u00e1rek, tak jej budu pou\u017e\u00edvat. U\u017e jste se p\u0159i podobn\u00e9 my\u0161lence p\u0159istihla? Tak ji zase rychle ho\u010fte za hlavu. Nevhodn\u011b zvolen\u00e1 p\u00e9\u010de, kter\u00e1 neodpov\u00edd\u00e1 typu va\u0161\u00ed pleti, v\u00e1m toti\u017e nejen nepom\u016f\u017ee, ale m\u016f\u017ee dokonce i u\u0161kodit. Nap\u0159\u00edklad v\u00fd\u017eivn\u00fd kr\u00e9m pro suchou ple\u0165 by mastn\u011bj\u0161\u00ed typ je\u0161t\u011b v\u00edce zanesl a mohl zp\u016fsobit vznik akn\u00e9 a p\u0159ema\u0161t\u011bnou poko\u017eku. Stejn\u011b tak nen\u00ed vhodn\u00e9 pou\u017e\u00edvat kr\u00e9m proti vr\u00e1sk\u00e1m na mladou, nap\u0159\u00edklad problematickou ple\u0165. Slo\u017een\u00ed pe\u010duj\u00edc\u00edch kr\u00e9m\u016f je v\u017edy tvo\u0159en\u00e9 na dan\u00fd typ pleti, a tak je k tomu t\u0159eba i p\u0159istupovat.&nbsp;                                                                                                                                                                                                                                                                                                                                                                                                "},{"@context":"https:\/\/schema.org\/","@type":"BreadcrumbList","itemListElement":[{"@type":"ListItem","position":1,"name":"3 kosmetick\u00e9 h\u0159\u00edchy, kter\u00fdmi si kaz\u00edte ple\u0165 a vlasy","item":"https:\/\/www.wikinomie.cz\/3-kosmeticke-hrichy-kterymi-si-kazite-plet-a-vlasy\/#breadcrumbitem"}]}]